{"id":2131,"date":"2024-11-28T19:39:09","date_gmt":"2024-11-28T18:39:09","guid":{"rendered":"https:\/\/stars-driver.de\/world-war-ii-von-den-ardennen-ueber-aachen-die-eifel-bis-zur-bruecke-von-remagen\/"},"modified":"2024-11-28T19:39:09","modified_gmt":"2024-11-28T18:39:09","slug":"world-war-ii-von-den-ardennen-ueber-aachen-die-eifel-bis-zur-bruecke-von-remagen","status":"publish","type":"post","link":"https:\/\/stars-driver.de\/en\/world-war-ii-von-den-ardennen-ueber-aachen-die-eifel-bis-zur-bruecke-von-remagen\/","title":{"rendered":"World War II von den Ardennen \u00fcber Aachen, die Eifel bis zur Br\u00fccke von Remagen"},"content":{"rendered":"\t\t<div data-elementor-type=\"wp-post\" data-elementor-id=\"2131\" class=\"elementor elementor-2131 elementor-1404\" data-elementor-post-type=\"post\">\n\t\t\t\t<div class=\"elementor-element elementor-element-1a02484 e-con-full e-flex e-con e-parent\" data-id=\"1a02484\" data-element_type=\"container\" data-e-type=\"container\">\n\t\t\t\t<div class=\"elementor-element elementor-element-985cb86 elementor--h-position-center elementor--v-position-middle elementor-arrows-position-inside elementor-pagination-position-inside elementor-widget elementor-widget-slides\" data-id=\"985cb86\" data-element_type=\"widget\" data-e-type=\"widget\" data-settings=\"{&quot;autoplay_speed&quot;:3000,&quot;transition&quot;:&quot;fade&quot;,&quot;navigation&quot;:&quot;both&quot;,&quot;autoplay&quot;:&quot;yes&quot;,&quot;pause_on_hover&quot;:&quot;yes&quot;,&quot;pause_on_interaction&quot;:&quot;yes&quot;,&quot;infinite&quot;:&quot;yes&quot;,&quot;transition_speed&quot;:500}\" data-widget_type=\"slides.default\">\n\t\t\t\t<div class=\"elementor-widget-container\">\n\t\t\t\t\t\t\t\t\t<div class=\"elementor-swiper\">\n\t\t\t\t\t<div class=\"elementor-slides-wrapper elementor-main-swiper swiper\" role=\"region\" aria-roledescription=\"carousel\" aria-label=\"Slides\" dir=\"ltr\" data-animation=\"fadeInUp\">\n\t\t\t\t<div class=\"swiper-wrapper elementor-slides\">\n\t\t\t\t\t\t\t\t\t\t<div class=\"elementor-repeater-item-b79e446 swiper-slide\" role=\"group\" aria-roledescription=\"slide\"><div class=\"swiper-slide-bg\" role=\"img\" aria-label=\"ardennen-2\"><\/div><a class=\"swiper-slide-inner\" href=\"https:\/\/stars-driver.de\/kontakt\/\"><div class=\"swiper-slide-contents\"><div class=\"elementor-slide-heading\">Chauffeurservice<\/div><div  class=\"elementor-button elementor-slide-button elementor-size-sm\">Kontakt<\/div><\/div><\/a><\/div><div class=\"elementor-repeater-item-2c7d864 swiper-slide\" role=\"group\" aria-roledescription=\"slide\"><div class=\"swiper-slide-bg\" role=\"img\" aria-label=\"limousinenservice-flotte-tourismus-rhein\"><\/div><a class=\"swiper-slide-inner\" href=\"https:\/\/stars-driver.de\/kontakt\/\"><div class=\"swiper-slide-contents\"><div class=\"elementor-slide-heading\">Limousinenservice<\/div><div  class=\"elementor-button elementor-slide-button elementor-size-sm\">Kontakt<\/div><\/div><\/a><\/div><div class=\"elementor-repeater-item-7b34dad swiper-slide\" role=\"group\" aria-roledescription=\"slide\"><div class=\"swiper-slide-bg\" role=\"img\" aria-label=\"Maybach Luxuslimousine und Chauffeur\"><\/div><a class=\"swiper-slide-inner\" href=\"https:\/\/stars-driver.de\/kontakt\/\"><div class=\"swiper-slide-contents\"><div class=\"elementor-slide-heading\">Luxus Limousinen<\/div><div  class=\"elementor-button elementor-slide-button elementor-size-sm\">Kontakt<\/div><\/div><\/a><\/div>\t\t\t\t<\/div>\n\t\t\t\t\t\t\t\t\t\t\t\t\t\t\t<div class=\"elementor-swiper-button elementor-swiper-button-prev\" role=\"button\" tabindex=\"0\" aria-label=\"Previous slide\">\n\t\t\t\t\t\t\t<svg aria-hidden=\"true\" class=\"e-font-icon-svg e-eicon-chevron-left\" viewBox=\"0 0 1000 1000\" xmlns=\"http:\/\/www.w3.org\/2000\/svg\"><path d=\"M646 125C629 125 613 133 604 142L308 442C296 454 292 471 292 487 292 504 296 521 308 533L604 854C617 867 629 875 646 875 663 875 679 871 692 858 704 846 713 829 713 812 713 796 708 779 692 767L438 487 692 225C700 217 708 204 708 187 708 171 704 154 692 142 675 129 663 125 646 125Z\"><\/path><\/svg>\t\t\t\t\t\t<\/div>\n\t\t\t\t\t\t<div class=\"elementor-swiper-button elementor-swiper-button-next\" role=\"button\" tabindex=\"0\" aria-label=\"Next slide\">\n\t\t\t\t\t\t\t<svg aria-hidden=\"true\" class=\"e-font-icon-svg e-eicon-chevron-right\" viewBox=\"0 0 1000 1000\" xmlns=\"http:\/\/www.w3.org\/2000\/svg\"><path d=\"M696 533C708 521 713 504 713 487 713 471 708 454 696 446L400 146C388 133 375 125 354 125 338 125 325 129 313 142 300 154 292 171 292 187 292 204 296 221 308 233L563 492 304 771C292 783 288 800 288 817 288 833 296 850 308 863 321 871 338 875 354 875 371 875 388 867 400 854L696 533Z\"><\/path><\/svg>\t\t\t\t\t\t<\/div>\n\t\t\t\t\t\t\t\t\t\t\t\t\t\t\t\t<div class=\"swiper-pagination\"><\/div>\n\t\t\t\t\t\t\t\t\t\t\t\t<\/div>\n\t\t\t\t<\/div>\n\t\t\t\t\t\t\t\t<\/div>\n\t\t\t\t<\/div>\n\t\t<div class=\"elementor-element elementor-element-cb81157 e-flex e-con-boxed e-con e-child\" data-id=\"cb81157\" data-element_type=\"container\" data-e-type=\"container\">\n\t\t\t\t\t<div class=\"e-con-inner\">\n\t\t\t\t<div class=\"elementor-element elementor-element-d63b49c elementor-widget elementor-widget-heading\" data-id=\"d63b49c\" data-element_type=\"widget\" data-e-type=\"widget\" data-widget_type=\"heading.default\">\n\t\t\t\t<div class=\"elementor-widget-container\">\n\t\t\t\t\t<h1 class=\"elementor-heading-title elementor-size-default\">WW II, World War II von den Ardennen \u00fcber Aachen, die Eifel bis zur Br\u00fccke von Remagen<\/h1>\t\t\t\t<\/div>\n\t\t\t\t<\/div>\n\t\t\t\t<div class=\"elementor-element elementor-element-8dfc7f5 elementor-widget elementor-widget-heading\" data-id=\"8dfc7f5\" data-element_type=\"widget\" data-e-type=\"widget\" data-widget_type=\"heading.default\">\n\t\t\t\t<div class=\"elementor-widget-container\">\n\t\t\t\t\t<h2 class=\"elementor-heading-title elementor-size-default\">Historische Orte des 2. Weltkriegs mit dem Limousinenservice besuchen<\/h2>\t\t\t\t<\/div>\n\t\t\t\t<\/div>\n\t\t\t\t<div class=\"elementor-element elementor-element-bff1810 elementor-widget elementor-widget-text-editor\" data-id=\"bff1810\" data-element_type=\"widget\" data-e-type=\"widget\" data-widget_type=\"text-editor.default\">\n\t\t\t\t<div class=\"elementor-widget-container\">\n\t\t\t\t\t\t\t\t\t<p>Wir bieten eine einmalig zusammengestellte Tagestour von Berlin, M\u00fcnchen, K\u00f6ln, Bonn oder D\u00fcsseldorf aus mit einem Maybach,\u00a0 Mercedes-Benz R-, S- oder V-Klasse mit Fahrer inkl. F\u00fchrer:<\/p><p>Wir fahren markante, teilweise unbekannte, wichtige Positionen an, die strategisch und historisch herausragende Bedeutung haben. Wir haben diese aufwendig recherchiert und kennen sie aufgrund enger Kontakte zu den jeweiligen Traditions- und Vereinstr\u00e4gern vor Ort.<\/p><p>Wir f\u00fchren Sie in viele, kleine Privatmuseen und zu eine Menge von versteckten Gedenksteinen.<\/p><p>Schwerpunkte sind die fr\u00fcheren Einsatzgebiete der 1., 30. Und 99. US-Infanteriedivisionen, sowie deren Kriegsgr\u00e4berst\u00e4tten.<\/p><p>Die Strecke f\u00fchrt \u00fcber den Aachener Dom, die Ardennen, Eifel bis zur Br\u00fccke von Remagen.<\/p><p>Die Geschichte:<\/p><p>\u201eEine neue Situation entstand mit der\u00a0Landung der Alliierten in der Normandie\u00a0am 6. Juni 1944, als der Krieg auch im Westen wieder voll losbrach. Am 24. August 1944 erlie\u00df Hitler einen\u00a0F\u00fchrererlass\u00a0zum erneuten Ausbau des Westwalls. 20.000\u00a0Zwangsarbeiter\u00a0und Mitglieder des\u00a0Reichsarbeitsdienstes\u00a0(kurz RAD) versuchten mit improvisierten Mitteln die Verteidigungsbereitschaft wiederherzustellen, was aber wegen der\u00a0alliierten\u00a0Luft\u00fcberlegenheit\u00a0nicht gelang. Schon w\u00e4hrend dieser Arbeiten stellte sich heraus, dass die Bunker den weiterentwickelten panzerbrechenden Waffen in keiner Weise mehr gewachsen waren. Auch die ortsans\u00e4ssige Bev\u00f6lkerung wurde f\u00fcr Arbeiten herangezogen, meist zum Bau von Gr\u00e4ben f\u00fcr die Panzerabwehr. Parallel zur Reaktivierung des eigentlichen Westwalls wurden entlang der Grenzen zum besetzten Ausland kleine\u00a0Ringst\u00e4nde\u00a0aus Beton errichtet, sogenannte\u00a0<em>Tobruks<\/em>. Diese St\u00e4nde waren im Wesentlichen kleine\u00a0Sch\u00fctzenl\u00f6cher\u00a0f\u00fcr einen einzelnen Soldaten, wie sie auch in der\u00a0Maas-Rur-Stellung\u00a0zum Einsatz kamen.<\/p><p>Die im September 1944 durchgef\u00fchrte\u00a0Operation Market Garden\u00a0der Westalliierten ist im Zusammenhang mit dem Westwall zu sehen. Mit dieser Operation versuchte das alliierte Oberkommando vergeblich, Rhein\u00fcberg\u00e4nge in den\u00a0Niederlanden\u00a0zu gewinnen, um den Westwall n\u00f6rdlich zu umgehen.<\/p><p>Im Oktober 1944 begannen erste Kriegshandlungen vor dem Westwall. Der am st\u00e4rksten umk\u00e4mpfte Bereich des Westwalls war die Gegend in den Ardennen, in Belgien und der\u00a0Nordeifel.<\/p><p><strong>Tagestour \u201eArdennen-Eifel\u201c<\/strong><\/p>\t\t\t\t\t\t\t\t<\/div>\n\t\t\t\t<\/div>\n\t\t\t\t\t<\/div>\n\t\t\t\t<\/div>\n\t\t\t\t<\/div>\n\t\t\t\t<\/div>\n\t\t","protected":false},"excerpt":{"rendered":"<p>Wir bieten eine einmalig zusammengestellte Tagestour von Berlin, M\u00fcnchen, K\u00f6ln, Bonn oder D\u00fcsseldorf aus mit einem Maybach,\u00a0 Mercedes-Benz R-, S- oder V-Klasse mit Fahrer<\/p>\n","protected":false},"author":1,"featured_media":1984,"comment_status":"closed","ping_status":"closed","sticky":false,"template":"elementor_header_footer","format":"standard","meta":{"footnotes":""},"categories":[25],"tags":[],"class_list":["post-2131","post","type-post","status-publish","format-standard","has-post-thumbnail","hentry","category-tourism"],"_links":{"self":[{"href":"https:\/\/stars-driver.de\/en\/wp-json\/wp\/v2\/posts\/2131","targetHints":{"allow":["GET"]}}],"collection":[{"href":"https:\/\/stars-driver.de\/en\/wp-json\/wp\/v2\/posts"}],"about":[{"href":"https:\/\/stars-driver.de\/en\/wp-json\/wp\/v2\/types\/post"}],"author":[{"embeddable":true,"href":"https:\/\/stars-driver.de\/en\/wp-json\/wp\/v2\/users\/1"}],"replies":[{"embeddable":true,"href":"https:\/\/stars-driver.de\/en\/wp-json\/wp\/v2\/comments?post=2131"}],"version-history":[{"count":0,"href":"https:\/\/stars-driver.de\/en\/wp-json\/wp\/v2\/posts\/2131\/revisions"}],"wp:featuredmedia":[{"embeddable":true,"href":"https:\/\/stars-driver.de\/en\/wp-json\/wp\/v2\/media\/1984"}],"wp:attachment":[{"href":"https:\/\/stars-driver.de\/en\/wp-json\/wp\/v2\/media?parent=2131"}],"wp:term":[{"taxonomy":"category","embeddable":true,"href":"https:\/\/stars-driver.de\/en\/wp-json\/wp\/v2\/categories?post=2131"},{"taxonomy":"post_tag","embeddable":true,"href":"https:\/\/stars-driver.de\/en\/wp-json\/wp\/v2\/tags?post=2131"}],"curies":[{"name":"wp","href":"https:\/\/api.w.org\/{rel}","templated":true}]}}